{"id":618,"date":"2023-04-09T20:02:22","date_gmt":"2023-04-09T20:02:22","guid":{"rendered":"http:\/\/demo.athemes.com\/sydney-redesign\/?p=78"},"modified":"2023-04-11T18:06:05","modified_gmt":"2023-04-11T18:06:05","slug":"how-it-all-began","status":"publish","type":"post","link":"https:\/\/xn--briefmarken-prfer-g3b.ch\/fr\/2023\/04\/09\/how-it-all-began\/","title":{"rendered":"Assembl\u00e9e g\u00e9n\u00e9rale du 25.03.2023"},"content":{"rendered":"<p>Actualit\u00e9s de l'assembl\u00e9e g\u00e9n\u00e9rale du 25.03.2023:<\/p>\n\n\n\n<p>Un nouveau comit\u00e9 a \u00e9t\u00e9 \u00e9lu lors de l'assembl\u00e9e g\u00e9n\u00e9rale de l'Association suisse des examinateurs de timbres-poste (SBPV\/ASEP) le 25.3.2023 \u00e0 Berne. Le nouveau pr\u00e9sident Mario Huzanic et ses coll\u00e8gues du comit\u00e9 Andreas Disteli et Johannes Hoffner dirigeront l'association au cours des prochaines ann\u00e9es. Les membres de l'association remercient le pr\u00e9sident sortant, Jean-Claude Marchand, et le secr\u00e9taire sortant, Kurt Loertscher, pour le travail fructueux qu'ils ont accompli pendant de nombreuses ann\u00e9es au sein de l'association des examinateurs. Apr\u00e8s avoir r\u00e9ussi l'examen d'extension, Mario Huzanic et Andreas Disteli v\u00e9rifieront \u00e9galement les \u00e9missions Durheim 1850\/52 de la Suisse. Il s'agit des num\u00e9ros de catalogue Z.-Nr. 13 - 20 \/ Mi.-Nr. 5-12. Nous souhaitons \u00e0 nos coll\u00e8gues beaucoup de plaisir et de succ\u00e8s dans leurs examens ! Le nouveau comit\u00e9 s'est fix\u00e9 pour objectif de recruter de nouveaux examinateurs pour le travail important de la philat\u00e9lie en vue de prot\u00e9ger les collectionneurs et le commerce. Il organisera \u00e0 cet effet un s\u00e9minaire pour la rel\u00e8ve en automne.<\/p>","protected":false},"excerpt":{"rendered":"<p>Aktuelles von der Generalversammlung vom 25.03.2023: An der Generalversammlung des Schweizer Briefmarken-Pr\u00fcfer-Verbands (SBPV\/ASEP) am 25.3.2023 in Bern wurde ein neuer Vorstand gew\u00e4hlt. Der neue Pr\u00e4sident [&hellip;]<\/p>\n","protected":false},"author":1,"featured_media":1361,"comment_status":"open","ping_status":"open","sticky":false,"template":"","format":"standard","meta":{"footnotes":""},"categories":[12],"tags":[24,25],"class_list":["post-618","post","type-post","status-publish","format-standard","has-post-thumbnail","hentry","category-allgemein","tag-generalversammlung","tag-vorstandswechsel"],"_links":{"self":[{"href":"https:\/\/xn--briefmarken-prfer-g3b.ch\/fr\/wp-json\/wp\/v2\/posts\/618","targetHints":{"allow":["GET"]}}],"collection":[{"href":"https:\/\/xn--briefmarken-prfer-g3b.ch\/fr\/wp-json\/wp\/v2\/posts"}],"about":[{"href":"https:\/\/xn--briefmarken-prfer-g3b.ch\/fr\/wp-json\/wp\/v2\/types\/post"}],"author":[{"embeddable":true,"href":"https:\/\/xn--briefmarken-prfer-g3b.ch\/fr\/wp-json\/wp\/v2\/users\/1"}],"replies":[{"embeddable":true,"href":"https:\/\/xn--briefmarken-prfer-g3b.ch\/fr\/wp-json\/wp\/v2\/comments?post=618"}],"version-history":[{"count":4,"href":"https:\/\/xn--briefmarken-prfer-g3b.ch\/fr\/wp-json\/wp\/v2\/posts\/618\/revisions"}],"predecessor-version":[{"id":1383,"href":"https:\/\/xn--briefmarken-prfer-g3b.ch\/fr\/wp-json\/wp\/v2\/posts\/618\/revisions\/1383"}],"wp:featuredmedia":[{"embeddable":true,"href":"https:\/\/xn--briefmarken-prfer-g3b.ch\/fr\/wp-json\/wp\/v2\/media\/1361"}],"wp:attachment":[{"href":"https:\/\/xn--briefmarken-prfer-g3b.ch\/fr\/wp-json\/wp\/v2\/media?parent=618"}],"wp:term":[{"taxonomy":"category","embeddable":true,"href":"https:\/\/xn--briefmarken-prfer-g3b.ch\/fr\/wp-json\/wp\/v2\/categories?post=618"},{"taxonomy":"post_tag","embeddable":true,"href":"https:\/\/xn--briefmarken-prfer-g3b.ch\/fr\/wp-json\/wp\/v2\/tags?post=618"}],"curies":[{"name":"wp","href":"https:\/\/api.w.org\/{rel}","templated":true}]}}